{"id":184,"date":"2021-02-20T10:27:43","date_gmt":"2021-02-20T10:27:43","guid":{"rendered":"http:\/\/blog.epaper-ich-wissen.com\/?p=184"},"modified":"2021-02-22T11:17:14","modified_gmt":"2021-02-22T11:17:14","slug":"klimawandel","status":"publish","type":"post","link":"https:\/\/blog.epaper-ich-wissen.com\/?p=184","title":{"rendered":"Klimawandel"},"content":{"rendered":"\n<figure class=\"wp-block-image size-large\"><img loading=\"lazy\" width=\"720\" height=\"972\" src=\"https:\/\/blog.epaper-ich-wissen.com\/wp-content\/uploads\/2021\/02\/IMG_4204_ICH2_-1.jpg\" alt=\"\" class=\"wp-image-185\" srcset=\"https:\/\/blog.epaper-ich-wissen.com\/wp-content\/uploads\/2021\/02\/IMG_4204_ICH2_-1.jpg 720w, https:\/\/blog.epaper-ich-wissen.com\/wp-content\/uploads\/2021\/02\/IMG_4204_ICH2_-1-222x300.jpg 222w\" sizes=\"(max-width: 720px) 100vw, 720px\" \/><figcaption>Bild Carl R\u00f6hrig<\/figcaption><\/figure>\n\n\n\n<p class=\"has-medium-font-size\">Das Ende des Faktenkrieges<\/p>\n\n\n\n<p>Nahezu t\u00e4glich dringt das Reizwort \u201eKlimawandel\u201c an unser Ohr. L\u00e4ngst haben sich Politiker dieses Themas bem\u00e4chtigt und halten z\u00fcndende Streitreden. Kinder gehen auf die Stra\u00dfe, protestieren lautstark und erheben ihre Stimme. Wechselseitig drischt man verbal aufeinander ein. Die Frage aller Fragen lautet: Wer hat hier recht, wer unrecht?<\/p>\n\n\n\n<p>H\u00e4tten wir eine objektive Antwort, w\u00e4re es leichter, die richtigen Massnahmen zu unterst\u00fctzen. Denn vor Jahren wurde uns auf dieselbe Art eine neue Eiszeit vorgegaukelt. Aber es waren Fake News, wie wir heute wissen. Wir w\u00e4ren sicher weiter, w\u00fcrden wir beide Seiten der Medaille betrachten und g\u00e4ben dabei vor, wir w\u00e4ren Verfechter beider Ansichten. Dann k\u00f6nnten wir klarer sehen\u2026\u2026<\/p>\n\n\n\n<p>Erhalten Sie eine ganz andere Antwort, als gemeinhin gegeben wird. Sie finden diesen interessanten Artikel in unserem Ich-Wissensmagazin <a href=\"https:\/\/www.epaper-ich-wissen.com\/ePapers-ACCESS\/IW-02-m\/IW-02\/50\/\" target=\"_blank\" rel=\"noreferrer noopener\">Nr.2 Link<\/a><\/p>\n","protected":false},"excerpt":{"rendered":"<p>Das Ende des Faktenkrieges Nahezu t\u00e4glich dringt das Reizwort \u201eKlimawandel\u201c an unser Ohr. L\u00e4ngst haben sich Politiker dieses Themas bem\u00e4chtigt und halten z\u00fcndende Streitreden. Kinder gehen auf die Stra\u00dfe, protestieren lautstark und erheben ihre Stimme. Wechselseitig drischt man verbal aufeinander ein. Die Frage aller Fragen lautet: Wer hat hier recht, wer unrecht? H\u00e4tten wir eine [&hellip;]<\/p>\n","protected":false},"author":1,"featured_media":0,"comment_status":"open","ping_status":"open","sticky":false,"template":"","format":"standard","meta":[],"categories":[18],"tags":[59,57,58],"_links":{"self":[{"href":"https:\/\/blog.epaper-ich-wissen.com\/index.php?rest_route=\/wp\/v2\/posts\/184"}],"collection":[{"href":"https:\/\/blog.epaper-ich-wissen.com\/index.php?rest_route=\/wp\/v2\/posts"}],"about":[{"href":"https:\/\/blog.epaper-ich-wissen.com\/index.php?rest_route=\/wp\/v2\/types\/post"}],"author":[{"embeddable":true,"href":"https:\/\/blog.epaper-ich-wissen.com\/index.php?rest_route=\/wp\/v2\/users\/1"}],"replies":[{"embeddable":true,"href":"https:\/\/blog.epaper-ich-wissen.com\/index.php?rest_route=%2Fwp%2Fv2%2Fcomments&post=184"}],"version-history":[{"count":1,"href":"https:\/\/blog.epaper-ich-wissen.com\/index.php?rest_route=\/wp\/v2\/posts\/184\/revisions"}],"predecessor-version":[{"id":186,"href":"https:\/\/blog.epaper-ich-wissen.com\/index.php?rest_route=\/wp\/v2\/posts\/184\/revisions\/186"}],"wp:attachment":[{"href":"https:\/\/blog.epaper-ich-wissen.com\/index.php?rest_route=%2Fwp%2Fv2%2Fmedia&parent=184"}],"wp:term":[{"taxonomy":"category","embeddable":true,"href":"https:\/\/blog.epaper-ich-wissen.com\/index.php?rest_route=%2Fwp%2Fv2%2Fcategories&post=184"},{"taxonomy":"post_tag","embeddable":true,"href":"https:\/\/blog.epaper-ich-wissen.com\/index.php?rest_route=%2Fwp%2Fv2%2Ftags&post=184"}],"curies":[{"name":"wp","href":"https:\/\/api.w.org\/{rel}","templated":true}]}}